{"id":712,"date":"2016-04-21T17:42:07","date_gmt":"2016-04-21T16:42:07","guid":{"rendered":"http:\/\/srlsampaense.com\/?p=712"},"modified":"2016-04-22T14:16:54","modified_gmt":"2016-04-22T13:16:54","slug":"comunicado-sobre-o-falecimento-do-comendador-serafim-marques","status":"publish","type":"post","link":"http:\/\/srlsampaense.com\/index.php\/2016\/04\/21\/comunicado-sobre-o-falecimento-do-comendador-serafim-marques\/","title":{"rendered":"Comunicado sobre o falecimento do Comendador Serafim Marques"},"content":{"rendered":"<p style=\"text-align: center;\"><strong>Sociedade Recreativa Lealdade Sampaense \u2013 Associa\u00e7\u00e3o de Solidariedade Social, I.P.S.S.<\/strong><\/p>\n<p style=\"text-align: center;\"><strong>\u00a0<\/strong><strong>COMUNICADO<\/strong><\/p>\n<p>&nbsp;<\/p>\n<p>Foi com grande consterna\u00e7\u00e3o que recebemos a not\u00edcia do falecimento do Sr. Comendador Serafim Marques, at\u00e9 porque nada o fazia prever.<br \/>\nSerafim Marques nasceu em S. Paio de Grama\u00e7os \u00e0 88 anos, trabalhou afincadamente durante a maior parte da sua vida, tendo, \u00e0 custa desse trabalho granjeado fortuna.<br \/>\nCedo come\u00e7ou generosamente a colaborar com institui\u00e7\u00f5es da sua terra e do concelho no sentido de melhorar as condi\u00e7\u00f5es de vida da popula\u00e7\u00e3o.<br \/>\nS\u00e3o exemplos, os donativos, \u00e0 Sociedade Recreativa Lealdade Sampaense, inicialmente \u00e0s sec\u00e7\u00f5es de Futebol e Rancho Folcl\u00f3rico, o qual apadrinhou.<br \/>\nOfereceu um autocarro, para usufruto da colectividade e da popula\u00e7\u00e3o.<br \/>\nPosteriormente adquiriu o Terreno e construiu um Pavilh\u00e3o Gimnodesportivo que presenteou \u00e0 S.R.L.S. e ao qual, foi dado o seu nome, surgindo a partir da\u00ed, a sec\u00e7\u00e3o de Basquetebol, que no escal\u00e3o S\u00e9nior, atingiu grande notoriedade, obtendo v\u00e1rios t\u00edtulos de Campe\u00e3o da Pr\u00f3-liga, e, participado durante v\u00e1rias \u00e9pocas desportivas honrosamente, no principal escal\u00e3o da modalidade.<br \/>\nO objetivo principal desta sec\u00e7\u00e3o foi, e ser\u00e1 sempre, a forma\u00e7\u00e3o de crian\u00e7as e jovens da nossa regi\u00e3o.<br \/>\nOfereceu o terreno e ajudou a construir uma piscina, com condi\u00e7\u00f5es para a pr\u00e1tica da competi\u00e7\u00e3o.<br \/>\nAuxiliou nas obras de adapta\u00e7\u00e3o da Antiga sede do clube, para funcionamento da Creche Nossa Senhora dos Milagres.<br \/>\nAtrav\u00e9s das obras e donativos, que anualmente concedeu \u00e0 S.R.L.S., ajudou \u00a0as pessoas da sua terra Natal e da Regi\u00e3o, a ter melhores condi\u00e7\u00f5es de vida e de lazer, demonstrando especial preocupa\u00e7\u00e3o com crian\u00e7as e jovens.<br \/>\nA sua generosidade n\u00e3o se ficou s\u00f3 pela S.R.L. Sampaense. Colaborou tamb\u00e9m com a F\u00e1brica da Igreja, a Confraria de Nossa Senhora dos Milagres e do M\u00e1rtir S. Pel\u00e1gio, bem como outras institui\u00e7\u00f5es do Concelho, nomeadamente a Funda\u00e7\u00e3o Aur\u00e9lio Amaro Diniz, os Bombeiros Volunt\u00e1rios de Oliveira de Hospital e a Arcial.<br \/>\nSerafim Marques ser\u00e1 recordado com respeito e saudade, como sendo, um homem humilde, de car\u00e1cter, que prezava a amizade e, sobretudo com um enorme esp\u00edrito de solidariedade, carater\u00edsticas que reconhecemos nos grandes homens.<br \/>\nPor todo o bem que fez, ficar\u00e1 para sempre, na hist\u00f3ria, ligado ao nome da Sociedade Recreativa Lealdade Sampaense, a S. Paio de Grama\u00e7os sua terra Natal e a toda a regi\u00e3o.<br \/>\nPara a S.R.L.Sampaense que conta 107 anos de vida, foi a maior perda da sua hist\u00f3ria.<br \/>\nMuito Obrigado SENHOR SERAFIM MARQUES por tudo o que fez por n\u00f3s.<br \/>\n\u00c9 nossa obriga\u00e7\u00e3o, como Sampaenses, manter vivo o seu legado.<\/p>\n<p>DESCANSE EM PAZ.<\/p>\n<p>\u00c0 sua esposa Dra. \u00c1gueda Gon\u00e7alves Marques que o acompanhou e ajudou nesta sua \u201cmiss\u00e3o de partilha\u201d, apresento as minhas sentidas condol\u00eancias, extens\u00edveis tamb\u00e9m a toda a fam\u00edlia.<\/p>\n<p style=\"text-align: center;\">O Presidente da Dire\u00e7\u00e3o da S.R.L.S.<\/p>\n<p style=\"text-align: center;\">Jos\u00e9 Francisco Ferr\u00e3o Veloso<\/p>\n","protected":false},"excerpt":{"rendered":"<p>Sociedade Recreativa Lealdade Sampaense \u2013 Associa\u00e7\u00e3o de Solidariedade Social, I.P.S.S. \u00a0COMUNICADO &nbsp; Foi com grande consterna\u00e7\u00e3o que recebemos a not\u00edcia do falecimento do Sr. Comendador Serafim Marques, at\u00e9 porque nada o fazia prever. Serafim Marques nasceu em S. Paio de Grama\u00e7os \u00e0 88 anos, trabalhou afincadamente durante a maior parte da sua vida, tendo, \u00e0 [&hellip;]<\/p>\n","protected":false},"author":1,"featured_media":0,"comment_status":"open","ping_status":"open","sticky":false,"template":"","format":"standard","meta":{"footnotes":""},"categories":[5],"tags":[],"_links":{"self":[{"href":"http:\/\/srlsampaense.com\/index.php\/wp-json\/wp\/v2\/posts\/712"}],"collection":[{"href":"http:\/\/srlsampaense.com\/index.php\/wp-json\/wp\/v2\/posts"}],"about":[{"href":"http:\/\/srlsampaense.com\/index.php\/wp-json\/wp\/v2\/types\/post"}],"author":[{"embeddable":true,"href":"http:\/\/srlsampaense.com\/index.php\/wp-json\/wp\/v2\/users\/1"}],"replies":[{"embeddable":true,"href":"http:\/\/srlsampaense.com\/index.php\/wp-json\/wp\/v2\/comments?post=712"}],"version-history":[{"count":4,"href":"http:\/\/srlsampaense.com\/index.php\/wp-json\/wp\/v2\/posts\/712\/revisions"}],"predecessor-version":[{"id":721,"href":"http:\/\/srlsampaense.com\/index.php\/wp-json\/wp\/v2\/posts\/712\/revisions\/721"}],"wp:attachment":[{"href":"http:\/\/srlsampaense.com\/index.php\/wp-json\/wp\/v2\/media?parent=712"}],"wp:term":[{"taxonomy":"category","embeddable":true,"href":"http:\/\/srlsampaense.com\/index.php\/wp-json\/wp\/v2\/categories?post=712"},{"taxonomy":"post_tag","embeddable":true,"href":"http:\/\/srlsampaense.com\/index.php\/wp-json\/wp\/v2\/tags?post=712"}],"curies":[{"name":"wp","href":"https:\/\/api.w.org\/{rel}","templated":true}]}}