{"id":707,"date":"2016-04-19T15:03:16","date_gmt":"2016-04-19T14:03:16","guid":{"rendered":"http:\/\/srlsampaense.com\/?p=707"},"modified":"2016-04-19T15:24:07","modified_gmt":"2016-04-19T14:24:07","slug":"faleceu-o-comendador-e-benemerito-serafim-marques","status":"publish","type":"post","link":"http:\/\/srlsampaense.com\/index.php\/2016\/04\/19\/faleceu-o-comendador-e-benemerito-serafim-marques\/","title":{"rendered":"Faleceu o Comendador e Benem\u00e9rito Serafim Marques (19\/4\/2016)"},"content":{"rendered":"<p style=\"text-align: center;\"><strong>Faleceu o Comendador e Benem\u00e9rito Serafim Marques<br \/>\n(19\/04\/2016)<\/strong><\/p>\n<p style=\"text-align: center;\"><img decoding=\"async\" loading=\"lazy\" class=\"alignnone size-full wp-image-698\" src=\"http:\/\/srlsampaense.com\/wp-content\/uploads\/2016\/04\/Serafim.jpg\" alt=\"Serafim\" width=\"217\" height=\"249\" \/><\/p>\n<p style=\"text-align: center;\">O Comendador e Benem\u00e9rito Serafim Marques faleceu. Era natural de S\u00e3o Paio de Grama\u00e7os, no concelho de Oliveira do Hospital.\u00a0O seu corpo vai estar em c\u00e2mara ardente na Funda\u00e7\u00e3o com o seu nome, em S\u00e3o Paio de Grama\u00e7os, realizando-se a missa de corpo presente na 4\u00aa feira (20\/4\/2016), pelas 15 horas na Igreja Matriz, seguindo-se o funeral para o jazigo de fam\u00edlia no cemit\u00e9rio de S\u00e3o Paio de Grama\u00e7os..<\/p>\n<p style=\"text-align: center;\"><strong>A SRLS lamenta t\u00e3o irrepar\u00e1vel perda e apresenta as suas condol\u00eancias \u00e0 fam\u00edlia.<br \/>\n<\/strong><strong>Foi decretado luto por 3 dias, manifestado pela bandeira da coletividade colocada a meia haste.<\/strong><\/p>\n<p style=\"text-align: left;\">Construiu o pavilh\u00e3o multiusos que doou \u00e0 Sociedade Recreativa Lealdade Sampaense (SRLS-IPSS), adquiriu um autocarro e colocou ao servi\u00e7o da coletividade. Construiu uma Piscina semi-ol\u00edmpica, financiou a adapta\u00e7\u00e3o da antiga sede da SRLS-IPSS para funcionamento da Creche N.\u00aa S.\u00aa dos Milagres e construiu um Lar para a 3.\u00aa idade.<br \/>\nFoi o incentivador e patrocinador da sec\u00e7\u00e3o basquetebol, ajudando a SRLS-IPSS\u00a0a obter grandes sucessos, ao mais alto n\u00edvel de competi\u00e7\u00e3o desta modalidade, a n\u00edvel nacional.<br \/>\nSerafim Marques nunca\u00a0esqueceu a sua terra, ajudando na cria\u00e7\u00e3o de condi\u00e7\u00f5es necess\u00e1rias para os jovens e demais popula\u00e7\u00e3o. Colaborou com escuteiros, futebol, bombeiros, igreja e ranchos folcl\u00f3ricos.<br \/>\nAmigo da sua freguesia e do concelho, Serafim Marques era um conhecido benem\u00e9rito. Em 2007, por ocasi\u00e3o das comemora\u00e7\u00f5es do 10 de junho, foi condecorado pelo presidente da Rep\u00fablica, Cavaco Silva, com a Ordem de M\u00e9rito Civil.\u00a0Em 2009, em S\u00e3o Paio de Grama\u00e7os, em frente ao pavilh\u00e3o, a popula\u00e7\u00e3o colocou um busto em sua homenagem..<br \/>\n(adaptado de R\u00e1dio boa Nova in:\u00a0http:\/\/www.radioboanova.pt\/2016\/04\/19\/faleceu-o-comendador-serafim-marques\/)<\/p>\n","protected":false},"excerpt":{"rendered":"<p>Faleceu o Comendador e Benem\u00e9rito Serafim Marques (19\/04\/2016) O Comendador e Benem\u00e9rito Serafim Marques faleceu. Era natural de S\u00e3o Paio de Grama\u00e7os, no concelho de Oliveira do Hospital.\u00a0O seu corpo vai estar em c\u00e2mara ardente na Funda\u00e7\u00e3o com o seu nome, em S\u00e3o Paio de Grama\u00e7os, realizando-se a missa de corpo presente na 4\u00aa feira [&hellip;]<\/p>\n","protected":false},"author":1,"featured_media":0,"comment_status":"open","ping_status":"open","sticky":false,"template":"","format":"standard","meta":{"footnotes":""},"categories":[5],"tags":[],"_links":{"self":[{"href":"http:\/\/srlsampaense.com\/index.php\/wp-json\/wp\/v2\/posts\/707"}],"collection":[{"href":"http:\/\/srlsampaense.com\/index.php\/wp-json\/wp\/v2\/posts"}],"about":[{"href":"http:\/\/srlsampaense.com\/index.php\/wp-json\/wp\/v2\/types\/post"}],"author":[{"embeddable":true,"href":"http:\/\/srlsampaense.com\/index.php\/wp-json\/wp\/v2\/users\/1"}],"replies":[{"embeddable":true,"href":"http:\/\/srlsampaense.com\/index.php\/wp-json\/wp\/v2\/comments?post=707"}],"version-history":[{"count":3,"href":"http:\/\/srlsampaense.com\/index.php\/wp-json\/wp\/v2\/posts\/707\/revisions"}],"predecessor-version":[{"id":711,"href":"http:\/\/srlsampaense.com\/index.php\/wp-json\/wp\/v2\/posts\/707\/revisions\/711"}],"wp:attachment":[{"href":"http:\/\/srlsampaense.com\/index.php\/wp-json\/wp\/v2\/media?parent=707"}],"wp:term":[{"taxonomy":"category","embeddable":true,"href":"http:\/\/srlsampaense.com\/index.php\/wp-json\/wp\/v2\/categories?post=707"},{"taxonomy":"post_tag","embeddable":true,"href":"http:\/\/srlsampaense.com\/index.php\/wp-json\/wp\/v2\/tags?post=707"}],"curies":[{"name":"wp","href":"https:\/\/api.w.org\/{rel}","templated":true}]}}