{"id":430,"date":"2015-10-16T21:13:54","date_gmt":"2015-10-16T20:13:54","guid":{"rendered":"http:\/\/srlsampaense.com\/?p=430"},"modified":"2015-10-23T16:53:26","modified_gmt":"2015-10-23T15:53:26","slug":"dia-mundial-da-alimentacao","status":"publish","type":"post","link":"http:\/\/srlsampaense.com\/index.php\/2015\/10\/16\/dia-mundial-da-alimentacao\/","title":{"rendered":"Dia Mundial da Alimenta\u00e7\u00e3o"},"content":{"rendered":"<p><strong>O Dia Mundial da Alimenta\u00e7\u00e3o foi assim&#8230;<\/strong><\/p>\n<p>Hoje 16 de Outubro de 2015 foi dia de salada de fruta na Creche Nossa Senhora dos <a href=\"http:\/\/srlsampaense.com\/wp-content\/uploads\/2015\/10\/20151017-1.jpg\"><img decoding=\"async\" loading=\"lazy\" class=\" wp-image-435 alignright\" src=\"http:\/\/srlsampaense.com\/wp-content\/uploads\/2015\/10\/20151017-1.jpg\" alt=\"20151017-1\" width=\"142\" height=\"189\" \/><\/a>Milagres afinal, aprender e manter uma alimenta\u00e7\u00e3o saud\u00e1vel \u00e9 uma de nossas metas.<br \/>\nAs crian\u00e7as da sala verde realizaram uma atividade de express\u00e3o pl\u00e1stica com a ilustra\u00e7\u00e3o de uma uva.<br \/>\nNa sala laranja sobre a orienta\u00e7\u00e3o da educadora Cl\u00e1udia come\u00e7amos por identificar as frutas, sabore\u00e1mos algumas que j\u00e1 conhecemos como a laranja, a banana, a ma\u00e7\u00e3, e a p\u00eara e fic\u00e1mos a conhecer o anan\u00e1s e o p\u00eassego.<\/p>\n<p><img decoding=\"async\" loading=\"lazy\" class=\"alignnone wp-image-483\" src=\"http:\/\/srlsampaense.com\/wp-content\/uploads\/2015\/10\/20151017-22.jpg\" alt=\"20151017-2\" width=\"182\" height=\"123\" srcset=\"http:\/\/srlsampaense.com\/wp-content\/uploads\/2015\/10\/20151017-22.jpg 331w, http:\/\/srlsampaense.com\/wp-content\/uploads\/2015\/10\/20151017-22-300x204.jpg 300w\" sizes=\"(max-width: 182px) 100vw, 182px\" \/><img decoding=\"async\" loading=\"lazy\" class=\"alignnone wp-image-475\" src=\"http:\/\/srlsampaense.com\/wp-content\/uploads\/2015\/10\/20151017-41.jpg\" alt=\"20151017-4\" width=\"186\" height=\"122\" srcset=\"http:\/\/srlsampaense.com\/wp-content\/uploads\/2015\/10\/20151017-41.jpg 365w, http:\/\/srlsampaense.com\/wp-content\/uploads\/2015\/10\/20151017-41-300x196.jpg 300w\" sizes=\"(max-width: 186px) 100vw, 186px\" \/><img decoding=\"async\" loading=\"lazy\" class=\"alignleft wp-image-484\" src=\"http:\/\/srlsampaense.com\/wp-content\/uploads\/2015\/10\/20151017-3.jpg\" alt=\"20151017-3\" width=\"186\" height=\"129\" \/><\/p>\n<p>Fizemos algumas caretas, principalmente com os frutos novos porque n\u00e3o estamos habituados. As restantes frutas eram docinhas e deliciosas.<br \/>\n<span style=\"text-align: justify;\">Depois de conhecermos as frutas pelo seu nome, de sentir a sua textura e de as provarmos demos in\u00edcio \u00e0 confec\u00e7\u00e3o da salada de fruta.<\/span><\/p>\n<p style=\"text-align: justify;\"><img decoding=\"async\" loading=\"lazy\" class=\"alignnone wp-image-476\" src=\"http:\/\/srlsampaense.com\/wp-content\/uploads\/2015\/10\/20151017-51.jpg\" alt=\"20151017-5\" width=\"267\" height=\"177\" srcset=\"http:\/\/srlsampaense.com\/wp-content\/uploads\/2015\/10\/20151017-51.jpg 367w, http:\/\/srlsampaense.com\/wp-content\/uploads\/2015\/10\/20151017-51-300x199.jpg 300w\" sizes=\"(max-width: 267px) 100vw, 267px\" \/><img decoding=\"async\" loading=\"lazy\" class=\"alignnone wp-image-486\" src=\"http:\/\/srlsampaense.com\/wp-content\/uploads\/2015\/10\/20151017-6.jpg\" alt=\"20151017-6\" width=\"274\" height=\"177\" srcset=\"http:\/\/srlsampaense.com\/wp-content\/uploads\/2015\/10\/20151017-6.jpg 368w, http:\/\/srlsampaense.com\/wp-content\/uploads\/2015\/10\/20151017-6-300x194.jpg 300w\" sizes=\"(max-width: 274px) 100vw, 274px\" \/><\/p>\n<p style=\"text-align: justify;\">Foi uma atividade muito engra\u00e7ada e deliciosa. Aprendemos que <strong><u>passo a passo \u2026 vou<br \/>\ndescobrindo como devo fazer uma alimenta\u00e7\u00e3o saud\u00e1vel!<img decoding=\"async\" loading=\"lazy\" class=\"wp-image-441 alignright\" src=\"http:\/\/srlsampaense.com\/wp-content\/uploads\/2015\/10\/20151017-7.jpg\" alt=\"20151017-7\" width=\"232\" height=\"155\" srcset=\"http:\/\/srlsampaense.com\/wp-content\/uploads\/2015\/10\/20151017-7.jpg 629w, http:\/\/srlsampaense.com\/wp-content\/uploads\/2015\/10\/20151017-7-300x200.jpg 300w\" sizes=\"(max-width: 232px) 100vw, 232px\" \/><br \/>\n<\/u><\/strong>Como forma de terminar a comemora\u00e7\u00e3o deste dia, a Educadora Cl\u00e1udia mandou para casa uma lembran\u00e7a para as crian\u00e7as partilharem com os pais e irm\u00e3os. O\u00a0objetivo \u00e9 sensibilizar os pais para uma alimenta\u00e7\u00e3o saud\u00e1vel e para al\u00e9m disso partir de um momento em fam\u00edlia, como a hora da refei\u00e7\u00e3o para brincarem\/explorarem os alimentos, incutir regras de boas h\u00e1bitos alimentares, entre outras brincadeiras.<\/p>\n<p style=\"text-align: center;\"><strong>Esperamos que gostem e que apreciem a nossa salada de fruta<\/strong><\/p>\n","protected":false},"excerpt":{"rendered":"<p>O Dia Mundial da Alimenta\u00e7\u00e3o foi assim&#8230; Hoje 16 de Outubro de 2015 foi dia de salada de fruta na Creche Nossa Senhora dos Milagres afinal, aprender e manter uma alimenta\u00e7\u00e3o saud\u00e1vel \u00e9 uma de nossas metas. As crian\u00e7as da sala verde realizaram uma atividade de express\u00e3o pl\u00e1stica com a ilustra\u00e7\u00e3o de uma uva. Na [&hellip;]<\/p>\n","protected":false},"author":1,"featured_media":488,"comment_status":"open","ping_status":"open","sticky":false,"template":"","format":"standard","meta":{"footnotes":""},"categories":[10,5],"tags":[],"_links":{"self":[{"href":"http:\/\/srlsampaense.com\/index.php\/wp-json\/wp\/v2\/posts\/430"}],"collection":[{"href":"http:\/\/srlsampaense.com\/index.php\/wp-json\/wp\/v2\/posts"}],"about":[{"href":"http:\/\/srlsampaense.com\/index.php\/wp-json\/wp\/v2\/types\/post"}],"author":[{"embeddable":true,"href":"http:\/\/srlsampaense.com\/index.php\/wp-json\/wp\/v2\/users\/1"}],"replies":[{"embeddable":true,"href":"http:\/\/srlsampaense.com\/index.php\/wp-json\/wp\/v2\/comments?post=430"}],"version-history":[{"count":9,"href":"http:\/\/srlsampaense.com\/index.php\/wp-json\/wp\/v2\/posts\/430\/revisions"}],"predecessor-version":[{"id":493,"href":"http:\/\/srlsampaense.com\/index.php\/wp-json\/wp\/v2\/posts\/430\/revisions\/493"}],"wp:featuredmedia":[{"embeddable":true,"href":"http:\/\/srlsampaense.com\/index.php\/wp-json\/wp\/v2\/media\/488"}],"wp:attachment":[{"href":"http:\/\/srlsampaense.com\/index.php\/wp-json\/wp\/v2\/media?parent=430"}],"wp:term":[{"taxonomy":"category","embeddable":true,"href":"http:\/\/srlsampaense.com\/index.php\/wp-json\/wp\/v2\/categories?post=430"},{"taxonomy":"post_tag","embeddable":true,"href":"http:\/\/srlsampaense.com\/index.php\/wp-json\/wp\/v2\/tags?post=430"}],"curies":[{"name":"wp","href":"https:\/\/api.w.org\/{rel}","templated":true}]}}