{"id":1310,"date":"2016-12-11T22:40:03","date_gmt":"2016-12-11T21:40:03","guid":{"rendered":"http:\/\/srlsampaense.com\/?p=1310"},"modified":"2016-12-11T22:40:03","modified_gmt":"2016-12-11T21:40:03","slug":"comemoracao-dos-40-anos-do-rancho-folclorico-sampaense","status":"publish","type":"post","link":"http:\/\/srlsampaense.com\/index.php\/2016\/12\/11\/comemoracao-dos-40-anos-do-rancho-folclorico-sampaense\/","title":{"rendered":"Comemora\u00e7\u00e3o dos 40 anos do Rancho Folcl\u00f3rico Sampaense"},"content":{"rendered":"<h4 style=\"text-align: justify;\">Com a presen\u00e7a do Sr. Vice- Presidente da CM-OHP, a Sr.\u00aa Vereadora da Cultura, o Sr. Presidente da JF OHP-SPG, comunica\u00e7\u00e3o social e v\u00e1rios empres\u00e1rios, amigos e admiradores do Rancho Folcl\u00f3rico Sampaense, realizou-se o almo\u00e7o comemorativo dos 40 anos de exist\u00eancia ininterrupta.<br \/>\nO Rancho Folcl\u00f3rico Sampaense foi o 1\u00ba Rancho do Concelho de Oliveira do Hospital, membro da Federa\u00e7\u00e3o Portuguesa de Folclore, e como in\u00fameras participa\u00e7\u00f5es em eventos a n\u00edvel nacional, ilhas e internacional, tem um patrim\u00f3nio \u00edmpar em trajes, material representativo das profiss\u00f5es e actividades locais e conta com um n\u00facleo museol\u00f3gico de elevada qualidade etnogr\u00e1fica.<br \/>\nFoi enaltecido por todos os presentes o Sr. Manuel Madeira Mendes, que desde a sua funda\u00e7\u00e3o tem apoiado, incentivado e participado em todas as atividades. Deste modo foi agraciado pelos membros do rancho e por todos os presentes. Pessoa de qualidades \u00edmpares, destacando-se o seu altru\u00edmo e incentivo ao levantamento das tradi\u00e7\u00f5es, etnografia e saberes e materiais usados outrora na Beira Serra, continua a ser a &#8220;alma mater&#8221; deste grupo.<br \/>\n<img decoding=\"async\" loading=\"lazy\" class=\"aligncenter size-full wp-image-1311\" src=\"http:\/\/srlsampaense.com\/wp-content\/uploads\/2016\/12\/rancho.jpg\" alt=\"rancho\" width=\"810\" height=\"402\" srcset=\"http:\/\/srlsampaense.com\/wp-content\/uploads\/2016\/12\/rancho.jpg 810w, http:\/\/srlsampaense.com\/wp-content\/uploads\/2016\/12\/rancho-300x149.jpg 300w, http:\/\/srlsampaense.com\/wp-content\/uploads\/2016\/12\/rancho-768x381.jpg 768w\" sizes=\"(max-width: 810px) 100vw, 810px\" \/>(foto obtida a 11\/12\/2016 do jornal Boa Nova in:\u00a0http:\/\/www.radioboanova.pt\/rancho-folclorico-sampaense-comemora-40o-aniversario\/ )<\/h4>\n","protected":false},"excerpt":{"rendered":"<p>Com a presen\u00e7a do Sr. Vice- Presidente da CM-OHP, a Sr.\u00aa Vereadora da Cultura, o Sr. Presidente da JF OHP-SPG, comunica\u00e7\u00e3o social e v\u00e1rios empres\u00e1rios, amigos e admiradores do Rancho Folcl\u00f3rico Sampaense, realizou-se o almo\u00e7o comemorativo dos 40 anos de exist\u00eancia ininterrupta. O Rancho Folcl\u00f3rico Sampaense foi o 1\u00ba Rancho do Concelho de Oliveira do [&hellip;]<\/p>\n","protected":false},"author":1,"featured_media":0,"comment_status":"open","ping_status":"open","sticky":false,"template":"","format":"standard","meta":{"footnotes":""},"categories":[5],"tags":[],"_links":{"self":[{"href":"http:\/\/srlsampaense.com\/index.php\/wp-json\/wp\/v2\/posts\/1310"}],"collection":[{"href":"http:\/\/srlsampaense.com\/index.php\/wp-json\/wp\/v2\/posts"}],"about":[{"href":"http:\/\/srlsampaense.com\/index.php\/wp-json\/wp\/v2\/types\/post"}],"author":[{"embeddable":true,"href":"http:\/\/srlsampaense.com\/index.php\/wp-json\/wp\/v2\/users\/1"}],"replies":[{"embeddable":true,"href":"http:\/\/srlsampaense.com\/index.php\/wp-json\/wp\/v2\/comments?post=1310"}],"version-history":[{"count":1,"href":"http:\/\/srlsampaense.com\/index.php\/wp-json\/wp\/v2\/posts\/1310\/revisions"}],"predecessor-version":[{"id":1312,"href":"http:\/\/srlsampaense.com\/index.php\/wp-json\/wp\/v2\/posts\/1310\/revisions\/1312"}],"wp:attachment":[{"href":"http:\/\/srlsampaense.com\/index.php\/wp-json\/wp\/v2\/media?parent=1310"}],"wp:term":[{"taxonomy":"category","embeddable":true,"href":"http:\/\/srlsampaense.com\/index.php\/wp-json\/wp\/v2\/categories?post=1310"},{"taxonomy":"post_tag","embeddable":true,"href":"http:\/\/srlsampaense.com\/index.php\/wp-json\/wp\/v2\/tags?post=1310"}],"curies":[{"name":"wp","href":"https:\/\/api.w.org\/{rel}","templated":true}]}}